{"id":196988,"date":"2026-09-01T10:27:13","date_gmt":"2026-09-01T10:27:13","guid":{"rendered":"https:\/\/hoerbuch.us\/wp\/?p=196988"},"modified":"2026-09-01T10:27:13","modified_gmt":"2026-09-01T10:27:13","slug":"lily-stark-die-kinder-der-traeume-ungekuerzt","status":"publish","type":"post","link":"https:\/\/hoerbuch.us\/wp\/horbucher\/196988\/lily-stark-die-kinder-der-traeume-ungekuerzt\/","title":{"rendered":"Lily Stark &#8211; Die Kinder der Tr\u00e4ume (ungek\u00fcrzt)"},"content":{"rendered":"<p>Manche Albtr\u00e4ume sind t\u00f6dlich.<\/p>\n<p>Im Schlaf sind Menschen wehrlos ihren innersten \u00c4ngsten ausgeliefert. Die Einzigen, die sie davor bewahren, sich in ihren Schreckensfantasien zu verlieren, sind die Kinder der Tr\u00e4ume.<\/p>\n<p>Jede Nacht stellen Lia und die anderen Traumf\u00e4nger sich dunklen Schatten entgegen, um die Seelen der Menschen zu besch\u00fctzen.<\/p>\n<p>Dabei kommt es zu einem tragischen Zwischenfall, der nicht nur Lia das Herz bricht, sondern die ganze Welt in tiefes Chaos zu st\u00fcrzen vermag.<\/p>\n<p>Und dann ist da auch noch Jason, der einst selbst ein Traumf\u00e4nger war, aber f\u00fcr seine Verbrechen nach Aizliegta verbannt wurde. Er sinnt auf Rache und strebt nach der Herrschaft \u00fcber das Land der Tr\u00e4ume und der Welt der Sterblichen.<\/p>\n<p>Das Einzige, was ihn aufhalten kann, sind ein altes Relikt und ein neues Kind der Tr\u00e4ume.<br \/><a href=\"http:\/\/pichost.biz\/viewer.php?id=opt1788258079u.jpg\"><img decoding=\"async\" src=\"http:\/\/pichost.biz\/thumbs\/opt1788258079u.jpg\" border=\"0\"><\/a><br \/>\n<span class=\"eintrag_text\">Dauer:<\/span> 11:17:00 | <span class=\"eintrag_text\">Format:<\/span> mp3 | <span class=\"eintrag_text\">Gr&ouml;&szlig;e:<\/span> 645 MB<br \/>\n<font>Download:<\/font> <a href=\"http:\/\/hoerbuch.us\/loader\/?d=Lily Stark &#8211; Die Kinder der Tr\u00e4ume (ungek\u00fcrzt)&#038;p=http:\/\/pichost.biz\/thumbs\/opt1788258079u.jpg\"><b>HIER KLICKEN<\/b> (kostenlose Anmeldung erforderlich)<\/a><\/p>\n<details>\n<summary>Alternative Download-Optionen anzeigen<\/summary>\n<ul><span class=\"eintrag_download1\">Rapidgator.net:<\/span> <a href=\"http:\/\/hoerbuch.us\/download\/?http:\/\/www.hoerbuch.us\/protection\/folder_273981.html\" target=\"_blank\" class=\"eintrag_download1_link\" rel=\"noopener\">Download<\/a><br \/><span class=\"eintrag_download2\">Nitroflare.com:<\/span> <a href=\"http:\/\/hoerbuch.us\/download\/?http:\/\/www.hoerbuch.us\/protection\/folder_273982.html\" target=\"_blank\" class=\"eintrag_download2_link\" rel=\"noopener\">Download<\/a><br \/>\n<\/ul>\n<\/details>\n<p><span class=\"eintrag_text\">Passwort:<\/span> www.hoerbuch.us | <span class=\"eintrag_text\">Uploader:<\/span> Oldy<\/p>\n","protected":false},"excerpt":{"rendered":"<p>Manche Albtr\u00e4ume sind t\u00f6dlich. Im Schlaf sind Menschen wehrlos ihren innersten \u00c4ngsten ausgeliefert. Die Einzigen, die sie davor bewahren, sich in ihren Schreckensfantasien zu verlieren, sind die Kinder der Tr\u00e4ume. Jede Nacht stellen Lia und die anderen Traumf\u00e4nger sich dunklen Schatten entgegen, um die Seelen der Menschen zu besch\u00fctzen. Dabei kommt es zu einem tragischen [&hellip;]<\/p>\n","protected":false},"author":35,"featured_media":0,"comment_status":"open","ping_status":"open","sticky":false,"template":"","format":"standard","meta":[],"categories":[33,3],"tags":[],"_links":{"self":[{"href":"https:\/\/hoerbuch.us\/wp\/wp-json\/wp\/v2\/posts\/196988"}],"collection":[{"href":"https:\/\/hoerbuch.us\/wp\/wp-json\/wp\/v2\/posts"}],"about":[{"href":"https:\/\/hoerbuch.us\/wp\/wp-json\/wp\/v2\/types\/post"}],"author":[{"embeddable":true,"href":"https:\/\/hoerbuch.us\/wp\/wp-json\/wp\/v2\/users\/35"}],"replies":[{"embeddable":true,"href":"https:\/\/hoerbuch.us\/wp\/wp-json\/wp\/v2\/comments?post=196988"}],"version-history":[{"count":1,"href":"https:\/\/hoerbuch.us\/wp\/wp-json\/wp\/v2\/posts\/196988\/revisions"}],"predecessor-version":[{"id":196989,"href":"https:\/\/hoerbuch.us\/wp\/wp-json\/wp\/v2\/posts\/196988\/revisions\/196989"}],"wp:attachment":[{"href":"https:\/\/hoerbuch.us\/wp\/wp-json\/wp\/v2\/media?parent=196988"}],"wp:term":[{"taxonomy":"category","embeddable":true,"href":"https:\/\/hoerbuch.us\/wp\/wp-json\/wp\/v2\/categories?post=196988"},{"taxonomy":"post_tag","embeddable":true,"href":"https:\/\/hoerbuch.us\/wp\/wp-json\/wp\/v2\/tags?post=196988"}],"curies":[{"name":"wp","href":"https:\/\/api.w.org\/{rel}","templated":true}]}}